{"id":986,"date":"2022-03-30T03:08:21","date_gmt":"2022-03-30T03:08:21","guid":{"rendered":"https:\/\/lapalabraviva.net\/?p=986"},"modified":"2022-03-30T04:03:13","modified_gmt":"2022-03-30T04:03:13","slug":"el-poder-de-la-palabra-de-dios","status":"publish","type":"post","link":"https:\/\/lapalabraviva.net\/?p=986","title":{"rendered":"EL PODER DE LA PALABRA DE DIOS"},"content":{"rendered":"<p>Lectura B\u00edblica: San Lucas 7:1-10\u00a0\u00a0\u00a0\u00a0 &#8211;\u00a0\u00a0\u00a0\u00a0 Lectura de Apoyo: G\u00e9nesis 1:1-31; Salmos 19:7,11; San Lucas 5: 5-6<\/p>\n<blockquote><p>Debemos ser Humildes para reconocer que somos indignos, de recibir alguna cosa del Se\u00f1or, por causa de nuestros pecados<\/p><\/blockquote>\n<p><strong>INTRODUCCION<\/strong><\/p>\n<p>Esta porci\u00f3n de la Escritura es muy bella y de gran ense\u00f1anza, porque muestra no solo el milagro que El Se\u00f1or Jes\u00fas hace al sanar al siervo del centuri\u00f3n, sino tambi\u00e9n nos ense\u00f1a la manera por la cual el mismo centuri\u00f3n, alcanza el milagro de sanidad en su siervo.<\/p>\n<p>De eso vamos a tratar en este estudio, principalmente de la manera que nosotros debemos imitar la fe de este hombre, para que podamos as\u00ed mismo, recibir del Se\u00f1or su bendici\u00f3n.<\/p>\n<p><strong>DESARROLLO<\/strong><\/p>\n<p>En primero lugar, se nos narra en esta porci\u00f3n de la Biblia, la identidad de este hombre, llamado el centuri\u00f3n, quien, por su fe, hace que su criado reciba el milagro de sanidad.<\/p>\n<p>Era un hombre de nacionalidad Romana, eso significa que era ajeno a los pactos de Dios con su pueblo Israel y por consiguiente no calificaba para obtener los beneficios del Se\u00f1or.<\/p>\n<p>Sin embargo, podemos ver que a pesar de sus limitantes, se hace acreedor a la bendici\u00f3n del Se\u00f1or, mostrando ante todo, fe en Jesucristo y fe en las palabras del Se\u00f1or, por tanto, nos deja esta narraci\u00f3n, una huella a seguir.<\/p>\n<ol>\n<li>En los vers\u00edculos 6 y 7 se hace saber de la humildad de este hombre, cuando env\u00eda a decir al Se\u00f1or: <strong><em>No te molestes, porque no soy digno de que entres bajo mi techo, por lo que ni aun me tuve por digno de venir a ti.<\/em><\/strong><\/li>\n<\/ol>\n<p>Esta es una de las condiciones b\u00e1sicas para obtener la atenci\u00f3n del Se\u00f1or.<\/p>\n<p>La biblia dice: <strong><em>El atiende a los humildes<\/em><\/strong>, (Salmo 138:6) tambi\u00e9n se\u00f1ala: <strong><em>De los pobres en esp\u00edritu es el reino de los cielos.<\/em><\/strong> (Mateo 5:3) Jam\u00e1s el Se\u00f1or atender\u00e1 o respaldara a un altivo. (2 Samuel, 22:28. Job, 40:11)<\/p>\n<ol start=\"2\">\n<li>En los Vers\u00edculos 7 y 8 es donde cree y ve la realidad que Jes\u00fas es Dios, y que su Palabra tiene toda autoridad, cuando dice: <strong><em>\u201cDi La Palabra\u201d<\/em><\/strong> sabiendo que era suficiente para resolver toda situaci\u00f3n.<\/li>\n<\/ol>\n<p>El resultado de estos pasos muestra que cuando llegaron a casa donde el siervo se encontraba, estaba totalmente sano.<\/p>\n<p><strong>CONCLUSION<\/strong><\/p>\n<p>Debemos ser Humildes para reconocer que somos indignos, de recibir alguna cosa del Se\u00f1or, por causa de nuestros pecados.<\/p>\n<p>Debemos creer que Jes\u00fas es Dios, y tiene toda autoridad por su Palabra, para perdonarnos y bendecirnos. Creer a su Palabra nos llevara al disfrute pleno de la vida.<\/p>\n<p>Jes\u00fas dice: Lucas 5:31 y 32: <strong><em>Los que est\u00e1n sanos no tienen necesidad de m\u00e9dico, sino los enfermos.<\/em><\/strong> Reconozcamos nuestra necesidad y apropi\u00e9monos de esa palabra que nos dio El Se\u00f1or Jes\u00fas, \u00c9l nos sanar\u00e1 de las enfermedades del alma, perdonando nuestros pecados y d\u00e1ndonos sanidad a nuestro cuerpo.<\/p>\n<p>Jes\u00fas dijo: \u201c<strong><em>Esta es la voluntad del que me ha enviado: Que todo aquel que ve al hijo y <\/em><\/strong><\/p>\n<p><strong><em>cree en \u00c9l, tenga vida eterna y yo le resucitare en el d\u00eda postrero\u201d<\/em><\/strong>. (Juan 6:40) Creer a su Palabra nos dar\u00e1 la vida eterna y participaremos de la resurrecci\u00f3n de entre los muertos.<\/p>\n<hr \/>\n<p><a href=\"https:\/\/lapalabraviva.net\/wp-content\/uploads\/2022\/03\/Capitulo-12-EL-PODER-DE-LA-PALABRA-DE-DIOS.pdf\" target=\"_blank\" rel=\"noopener\">DESCARGAR ESTUDIO EN PDF<\/a><\/p>\n","protected":false},"excerpt":{"rendered":"<p>Lectura B\u00edblica: San Lucas 7:1-10\u00a0\u00a0\u00a0\u00a0 &#8211;\u00a0\u00a0\u00a0\u00a0 Lectura de Apoyo: G\u00e9nesis 1:1-31; Salmos 19:7,11; San Lucas 5: 5-6 Debemos ser Humildes para reconocer que somos indignos, de recibir alguna cosa del [&hellip;]<\/p>\n","protected":false},"author":2,"featured_media":987,"comment_status":"closed","ping_status":"closed","sticky":false,"template":"","format":"standard","meta":{"footnotes":""},"categories":[22],"tags":[],"class_list":["post-986","post","type-post","status-publish","format-standard","has-post-thumbnail","hentry","category-estudio-biblico"],"_links":{"self":[{"href":"https:\/\/lapalabraviva.net\/index.php?rest_route=\/wp\/v2\/posts\/986","targetHints":{"allow":["GET"]}}],"collection":[{"href":"https:\/\/lapalabraviva.net\/index.php?rest_route=\/wp\/v2\/posts"}],"about":[{"href":"https:\/\/lapalabraviva.net\/index.php?rest_route=\/wp\/v2\/types\/post"}],"author":[{"embeddable":true,"href":"https:\/\/lapalabraviva.net\/index.php?rest_route=\/wp\/v2\/users\/2"}],"replies":[{"embeddable":true,"href":"https:\/\/lapalabraviva.net\/index.php?rest_route=%2Fwp%2Fv2%2Fcomments&post=986"}],"version-history":[{"count":2,"href":"https:\/\/lapalabraviva.net\/index.php?rest_route=\/wp\/v2\/posts\/986\/revisions"}],"predecessor-version":[{"id":993,"href":"https:\/\/lapalabraviva.net\/index.php?rest_route=\/wp\/v2\/posts\/986\/revisions\/993"}],"wp:featuredmedia":[{"embeddable":true,"href":"https:\/\/lapalabraviva.net\/index.php?rest_route=\/wp\/v2\/media\/987"}],"wp:attachment":[{"href":"https:\/\/lapalabraviva.net\/index.php?rest_route=%2Fwp%2Fv2%2Fmedia&parent=986"}],"wp:term":[{"taxonomy":"category","embeddable":true,"href":"https:\/\/lapalabraviva.net\/index.php?rest_route=%2Fwp%2Fv2%2Fcategories&post=986"},{"taxonomy":"post_tag","embeddable":true,"href":"https:\/\/lapalabraviva.net\/index.php?rest_route=%2Fwp%2Fv2%2Ftags&post=986"}],"curies":[{"name":"wp","href":"https:\/\/api.w.org\/{rel}","templated":true}]}}