{"id":1213,"date":"2022-08-17T15:22:04","date_gmt":"2022-08-17T15:22:04","guid":{"rendered":"https:\/\/lapalabraviva.net\/?p=1213"},"modified":"2022-08-17T15:31:25","modified_gmt":"2022-08-17T15:31:25","slug":"seremos-enaltecidos","status":"publish","type":"post","link":"https:\/\/lapalabraviva.net\/?p=1213","title":{"rendered":"SEREMOS ENALTECIDOS"},"content":{"rendered":"<p>Lectura b\u00edblica: San Lucas 14:7-14<\/p>\n<p>Lectura de apoyo: Daniel 5:20 y 22<\/p>\n<blockquote><p>Porque cualquiera que enaltece, ser\u00e1 humillado; y el que su humilla, \u2018\u2019ser\u00e1 enaltecido\u2019\u2019<\/p><\/blockquote>\n<p>INTRODUCCI\u00d3N:<\/p>\n<p>El Se\u00f1or Jes\u00fas dijo:<em> \u201cAprended de m\u00ed que soy manso y humilde y de coraz\u00f3n; y hallareis descanso para vuestras almas\u201d<\/em>. Mateo 11:29.<\/p>\n<p>La soberbia, la altaner\u00eda, el orgullo, ha sido caracter\u00edstico de los seres creados, de tal manera que, desde Satan\u00e1s, y los seres humanos, cayeron al ceder al orgullo.<\/p>\n<p>El orgullo hace de \u00c1ngeles y humanos, Demonios.<\/p>\n<p>En el transcurso de la historia y al nosotros ser parte de esta humanidad, vemos que la caracter\u00edstica general de los seres humanos es el orgullo, por lo cual vemos la devastaci\u00f3n que se ha producido en el mundo.<\/p>\n<p>La escritura dice: <em>\u201c\u00bfDe d\u00f3nde vienen las guerras y pleitos\u2026? No es de vuestras pasiones, codici\u00e1is\u2026 Mat\u00e1is y ard\u00e9is de envidia\u2026\u201d<\/em> Santiago 4:1,2<\/p>\n<p>Es decir que la actitud orgullosa, ha producido destrucci\u00f3n en todo el g\u00e9nero humano.<\/p>\n<p>DESARROLLO:<\/p>\n<p>En esta porci\u00f3n de la biblia encontramos la declaraci\u00f3n del Se\u00f1or Jes\u00fas, que solo los humildes ser\u00e1n enaltecidos, se\u00f1al\u00e1ndonos desde el principio que sin la humildad no habr\u00e1 manera de ser enaltecido.<\/p>\n<p>En la porci\u00f3n que hemos le\u00eddo dice, que vio que escog\u00edan los primeros asientos fue cuando les refiri\u00f3 la par\u00e1bola.<\/p>\n<p>CONCLUSI\u00d3N:<\/p>\n<p><em>\u201cNo te sientes en primer lugar\u2026 no sea que seas humillado ante los dem\u00e1s. Porque cualquiera que se enaltece ser\u00e1 humillado\u201d<\/em>, adem\u00e1s a\u00f1adi\u00f3: <em>\u201csi haces banquete as\u00f3ciate con los humildes, y ser\u00e1s bienaventurado\u201d.<\/em><\/p>\n<p>No es f\u00e1cil tener un coraz\u00f3n que busque la humildad y la practique, tenemos una naturaleza contraria a Dios y a la humildad, pero la Palabra de Dios nos sigue diciendo que solo los humildes heredan bendici\u00f3n.<\/p>\n<p>Finalmente debemos ir a Cristo Jes\u00fas, para que \u00c9l transforme nuestro orgullo en humildad, porque no hay nadie m\u00e1s que lo pueda hacer.<\/p>\n<p>Despu\u00e9s de la transformaci\u00f3n, ser\u00e1 f\u00e1cil caminar el camino de la humildad hasta ser enaltecidos ahora y en el d\u00eda final de poseer nuestra heredad.<\/p>\n<hr \/>\n<p><a href=\"https:\/\/lapalabraviva.net\/wp-content\/uploads\/2022\/08\/Capitulo-27-SEREMOS-ENALTECIDOS.pdf\" target=\"_blank\" rel=\"noopener\">DESCARGAR MENSAJE EN PDF<\/a><\/p>\n","protected":false},"excerpt":{"rendered":"<p>Lectura b\u00edblica: San Lucas 14:7-14 Lectura de apoyo: Daniel 5:20 y 22 Porque cualquiera que enaltece, ser\u00e1 humillado; y el que su humilla, \u2018\u2019ser\u00e1 enaltecido\u2019\u2019 INTRODUCCI\u00d3N: El Se\u00f1or Jes\u00fas dijo: [&hellip;]<\/p>\n","protected":false},"author":2,"featured_media":1214,"comment_status":"closed","ping_status":"closed","sticky":false,"template":"","format":"standard","meta":{"footnotes":""},"categories":[22],"tags":[],"class_list":["post-1213","post","type-post","status-publish","format-standard","has-post-thumbnail","hentry","category-estudio-biblico"],"_links":{"self":[{"href":"https:\/\/lapalabraviva.net\/index.php?rest_route=\/wp\/v2\/posts\/1213","targetHints":{"allow":["GET"]}}],"collection":[{"href":"https:\/\/lapalabraviva.net\/index.php?rest_route=\/wp\/v2\/posts"}],"about":[{"href":"https:\/\/lapalabraviva.net\/index.php?rest_route=\/wp\/v2\/types\/post"}],"author":[{"embeddable":true,"href":"https:\/\/lapalabraviva.net\/index.php?rest_route=\/wp\/v2\/users\/2"}],"replies":[{"embeddable":true,"href":"https:\/\/lapalabraviva.net\/index.php?rest_route=%2Fwp%2Fv2%2Fcomments&post=1213"}],"version-history":[{"count":3,"href":"https:\/\/lapalabraviva.net\/index.php?rest_route=\/wp\/v2\/posts\/1213\/revisions"}],"predecessor-version":[{"id":1219,"href":"https:\/\/lapalabraviva.net\/index.php?rest_route=\/wp\/v2\/posts\/1213\/revisions\/1219"}],"wp:featuredmedia":[{"embeddable":true,"href":"https:\/\/lapalabraviva.net\/index.php?rest_route=\/wp\/v2\/media\/1214"}],"wp:attachment":[{"href":"https:\/\/lapalabraviva.net\/index.php?rest_route=%2Fwp%2Fv2%2Fmedia&parent=1213"}],"wp:term":[{"taxonomy":"category","embeddable":true,"href":"https:\/\/lapalabraviva.net\/index.php?rest_route=%2Fwp%2Fv2%2Fcategories&post=1213"},{"taxonomy":"post_tag","embeddable":true,"href":"https:\/\/lapalabraviva.net\/index.php?rest_route=%2Fwp%2Fv2%2Ftags&post=1213"}],"curies":[{"name":"wp","href":"https:\/\/api.w.org\/{rel}","templated":true}]}}